{"id":250030,"date":"2022-09-28T07:51:23","date_gmt":"2022-09-28T06:51:23","guid":{"rendered":"https:\/\/c-meet.es\/2022\/?p=250030"},"modified":"2022-09-28T07:53:11","modified_gmt":"2022-09-28T06:53:11","slug":"c-meet-imicio-innovacion-digitalizacion","status":"publish","type":"post","link":"https:\/\/c-meet.es\/2022\/c-meet-imicio-innovacion-digitalizacion\/","title":{"rendered":"Arranca C-Meet"},"content":{"rendered":"<p style=\"text-align: justify;\">El encuentro empresarial <a href=\"https:\/\/c-meet.es\/2022\/sobre-c-meet\/\">C-Meet<\/a> abre sus puertas con todo preparado para incrementar la visibilidad y la capacidad de conexi\u00f3n del conjunto de iniciativas, proyectos y empresas del mundo de la <strong>digitalizaci\u00f3n<\/strong> y la <strong>innovaci\u00f3n<\/strong>. M\u00e1s de <strong>375 profesionales<\/strong> procedentes de diferentes puntos de la geograf\u00eda nacional se han inscrito para participar en este evento, que promueve <a href=\"https:\/\/ceoecantabria.es\/\">CEOE \u2013 CEPYME Cantabria<\/a> en colaboraci\u00f3n con la <a href=\"https:\/\/ceoecantabria.es\/\">Oficina Acelera Pyme<\/a> y el programa Cantabria Empresarial.<!--more--><\/p>\n<p style=\"text-align: justify;\"><a href=\"https:\/\/www.linkedin.com\/in\/frodriguezferrer?miniProfileUrn=urn%3Ali%3Afs_miniProfile%3AACoAAAOhLzYBEBAYEMN0WylFhDPL60wyP7We1z8&amp;lipi=urn%3Ali%3Apage%3Ad_flagship3_search_srp_all%3BTjjmSqQqTsetE4SE6AOX%2Fg%3D%3D\">Fernando Rodr\u00edguez<\/a>, director de Desarrollo de Negocio de <a href=\"https:\/\/bizum.es\/\">Bizum<\/a>, ser\u00e1 el primero en subirse a un escenario que tambi\u00e9n pisar\u00e1n representantes de entidades como <a href=\"https:\/\/in4impact.com\/es\/\">IN4IMPACT,<\/a> <a href=\"https:\/\/about.google\/intl\/es-419\/\">Google<\/a>, <a href=\"https:\/\/www.fintonic.com\/es-ES\/inicio\/\">Fintonic<\/a> o <a href=\"https:\/\/www.tiktok.com\/es\/\">Tiktok<\/a>. Todos juntos conforman una <strong>agenda con m\u00e1s de 50 expertos de reconocido<\/strong> prestigio y repleta de propuestas interesantes.<\/p>\n<p style=\"text-align: justify;\"><img decoding=\"async\" class=\"mg10 alignright wp-image-250036 size-medium\" src=\"https:\/\/c-meet.es\/2022\/wp-content\/uploads\/2022\/09\/Tamano-noticia-2-300x225.png\" alt=\"\" width=\"300\" height=\"225\" \/>Adem\u00e1s del directivo de Bizum, el programa de la primera jornada tambi\u00e9n contempla el acto inaugural del evento, en el que intervendr\u00e1n <a href=\"https:\/\/www.cantabria.es\/detalle\/-\/journal_content\/56_INSTANCE_DETALLE\/16413\/12601562\">Francisco Javier L\u00f3pez Marcano<\/a>, consejero de Industria, Turismo, Innovaci\u00f3n, Transporte y Comercio del <a href=\"https:\/\/www.cantabria.es\/\">Gobierno de Cantabria<\/a>; <a href=\"https:\/\/www.red.es\/es\/sobre-nosotros\/quienes-somos\/alberto-martinez-lacambra\">Alberto Mart\u00ednez Lacambra<\/a>, director general de <a href=\"https:\/\/red.es\/es\">Red.es<\/a>; y <a href=\"https:\/\/es.linkedin.com\/in\/enrique-conde-tolosa-6a923a103\">Enrique Conde<\/a>, presidente de CEOE \u2013 CEPYME Cantabria.<\/p>\n<p style=\"text-align: justify;\">Tras ellos, el escenario principal de C-Meet albergar\u00e1 la intervenci\u00f3n de <a href=\"https:\/\/in4impact.com\/es\/founders\/arantxa-balson\/\">Arantxa Balson.<\/a> La CEO IN4IMPACT expondr\u00e1 su punto de vista sobre c\u00f3mo deben gestionarse las pol\u00edticas de recursos humanos de las compa\u00f1\u00edas para ser capaces de atraer y retener talento.<\/p>\n<p style=\"text-align: justify;\">La presentaci\u00f3n oficial de una empresa 100% c\u00e1ntabra que est\u00e1 revolucionando la rob\u00f3tica industrial es una de las citas m\u00e1s esperadas de C-Meet. <a href=\"https:\/\/www.raasfintech.com\/\">RAAS Fintech Solutions<\/a> es la primera firma del pa\u00eds que ofrece proyectos de automatizaci\u00f3n como un servicio externo. Un planteamiento que evita cuantiosas inversiones por parte de las compa\u00f1\u00edas y que permite contar un socio tecnol\u00f3gico de alto.<a href=\"https:\/\/es.linkedin.com\/in\/ricardo-vela-velasco-522799b8\"> Ricardo Vela,<\/a> CEO de RAAS, y <a href=\"https:\/\/es.linkedin.com\/in\/alfredoperezfernandez\">Alfredo P\u00e9rez<\/a>, director de KAI Capital, socio inversor de RAAS, ser\u00e1n los encargados de explicar este interesante proyecto a partir de las 16:30 horas.<\/p>\n<p style=\"text-align: justify;\">La innovaci\u00f3n que se desarrolla en <a href=\"https:\/\/www.astander.es\/es\/\">Astander<\/a>; la constancia y la determinaci\u00f3n que impuls\u00f3 el crecimiento de <a href=\"https:\/\/www.lisdatasolutions.com\/es\/\">LIS Data Solutions<\/a>; c\u00f3mo se minimiza la distancia entre estrategia y ejecuci\u00f3n para lograr escalar una empresa como <a href=\"https:\/\/ingrammicrocloud.com\/es\">Ingram Micro Cloud Espa\u00f1a<\/a> o una mesa redonda sobre los desaf\u00edos que plantea la <strong>robotizaci\u00f3n en la industria 4.0<\/strong> ser\u00e1n algunos de los principales contenidos de la jornada.<\/p>\n<p style=\"text-align: justify;\"><strong>Diez demostraciones t\u00e9cnicas<\/strong> que se desarrollar\u00e1n en los c\u00f3rners expositivos instalados en la parte final de Escenario Santander completan la agenda de un evento que durante dos d\u00edas convertir\u00e1 Escenario Santander en el epicentro nacional de la innovaci\u00f3n y digitalizaci\u00f3n.<\/p>\n<p style=\"text-align: justify;\">Para que tu experiencia sea lo m\u00e1s interesante posible, compartimos contigo las siguientes<strong> recomendaciones:<\/strong><\/p>\n<ul>\n<li style=\"list-style-type: none;\">\n<ul>\n<li style=\"list-style-type: none;\">\n<ul style=\"text-align: justify;\">\n<li>Revisa bien los horarios y los espacios previstos para cada intervenci\u00f3n. Podr\u00e1s ver la agenda del d\u00eda en la pantalla del Escenario Principal y tambi\u00e9n en este <a href=\"https:\/\/c-meet.es\/2022\/programa\/\">ENLACE.<\/a><\/li>\n<li>Tienes a tu disposici\u00f3n 25 carteles con 5 mensajes diferentes para personalizar tu mesa y hacer networking con total tranquilidad. As\u00ed sabremos que est\u00e1s reunido y que es mejor no interrumpir.<\/li>\n<li>Si te acercas al stand de <a href=\"https:\/\/cafedromedario.com\/\">Caf\u00e9 Dromedario<\/a>, podr\u00e1s seguir con esa conversaci\u00f3n tan interesante mientras te tomas un caf\u00e9 de los ricos.<\/li>\n<li>Adem\u00e1s, <a href=\"https:\/\/www.cocacola.es\/\">Coca Cola<\/a> y <a href=\"https:\/\/www.aguadesolares.com\/\">Agua de Solares<\/a> se encargar\u00e1n de que no te falta de nada para estar a gusto.<\/li>\n<li>Para recargar energ\u00eda, nuestro consejo es que te acerques al restaurante Policotes. Est\u00e1 a menos de 10 minutos caminando y con tu acreditaci\u00f3n C-Meet, recibir\u00e1s un descuento en <a href=\"https:\/\/qrenlamesa.com\/carta2\/?res=policotes\">este men\u00fa tan completo<\/a>.<\/li>\n<li>Como somos conscientes de que muchos negocios surgen con una cerveza delante, tambi\u00e9n habr\u00e1<strong> sesi\u00f3n afterwork en la que podr\u00e1s degustar cervezas <\/strong><a href=\"https:\/\/www.smach.es\/\">Smach<\/a> y <a href=\"https:\/\/www.amstel.es\/\">Amstel<\/a> y tambi\u00e9n <a href=\"https:\/\/patatasvallucas.com\/\">Patatas Vallucas<\/a><\/li>\n<li>Si a ti tambi\u00e9n te parece que este evento merece la pena, no dudes en compartirlo en tus redes sociales con el hashtag #CMeet<\/li>\n<li>Si no puedes venir, pero quieres disfrutar de las ponencias del escenario principal, echa un vistazo a nuestro <strong>#streaming.<\/strong><\/li>\n<\/ul>\n<\/li>\n<\/ul>\n<\/li>\n<\/ul>\n<p><iframe title=\"C-Meet\" width=\"1080\" height=\"608\" src=\"https:\/\/www.youtube.com\/embed\/abC743JcE0c?feature=oembed\"  allow=\"accelerometer; autoplay; clipboard-write; encrypted-media; gyroscope; picture-in-picture\" allowfullscreen><\/iframe><\/p>\n","protected":false},"excerpt":{"rendered":"<p>El encuentro empresarial C-Meet abre sus puertas con todo preparado para incrementar la visibilidad y la capacidad de conexi\u00f3n del conjunto de iniciativas, proyectos y empresas del mundo de la digitalizaci\u00f3n y la innovaci\u00f3n. M\u00e1s de 375 profesionales procedentes de diferentes puntos de la geograf\u00eda nacional se han inscrito para participar en este evento, que [&hellip;]<\/p>\n","protected":false},"author":7,"featured_media":250031,"comment_status":"closed","ping_status":"closed","sticky":false,"template":"","format":"standard","meta":{"_et_pb_use_builder":"","_et_pb_old_content":"","_et_gb_content_width":"","cybocfi_hide_featured_image":"yes","footnotes":""},"categories":[18,19,20,8],"tags":[],"class_list":["post-250030","post","type-post","status-publish","format-standard","has-post-thumbnail","hentry","category-digitalizacion","category-innovacion","category-networking","category-news"],"acf":[],"yoast_head":"<!-- This site is optimized with the Yoast SEO plugin v27.5 - https:\/\/yoast.com\/product\/yoast-seo-wordpress\/ -->\n<title>Arranca C-Meet - C-MEET<\/title>\n<meta name=\"description\" content=\"C-Meet abre sus puertas con m\u00e1s de 375 profesionales inscritos y un nutrido panel de expertos en innovaci\u00f3n y digitalizaci\u00f3n.\" \/>\n<meta name=\"robots\" content=\"index, follow, max-snippet:-1, max-image-preview:large, max-video-preview:-1\" \/>\n<link rel=\"canonical\" href=\"https:\/\/c-meet.es\/2022\/c-meet-imicio-innovacion-digitalizacion\/\" \/>\n<meta property=\"og:locale\" content=\"es_ES\" \/>\n<meta property=\"og:type\" content=\"article\" \/>\n<meta property=\"og:title\" content=\"Arranca C-Meet - C-MEET\" \/>\n<meta property=\"og:description\" content=\"C-Meet abre sus puertas con m\u00e1s de 375 profesionales inscritos y un nutrido panel de expertos en innovaci\u00f3n y digitalizaci\u00f3n.\" \/>\n<meta property=\"og:url\" content=\"https:\/\/c-meet.es\/2022\/c-meet-imicio-innovacion-digitalizacion\/\" \/>\n<meta property=\"og:site_name\" content=\"C-MEET\" \/>\n<meta property=\"article:published_time\" content=\"2022-09-28T06:51:23+00:00\" \/>\n<meta property=\"article:modified_time\" content=\"2022-09-28T06:53:11+00:00\" \/>\n<meta property=\"og:image\" content=\"https:\/\/c-meet.es\/2022\/wp-content\/uploads\/2022\/09\/Miniaturas-noticia-600-\u00d7-600-px-1-1.png\" \/>\n\t<meta property=\"og:image:width\" content=\"600\" \/>\n\t<meta property=\"og:image:height\" content=\"600\" \/>\n\t<meta property=\"og:image:type\" content=\"image\/png\" \/>\n<meta name=\"author\" content=\"CEOE Cantabria\" \/>\n<meta name=\"twitter:card\" content=\"summary_large_image\" \/>\n<meta name=\"twitter:label1\" content=\"Escrito por\" \/>\n\t<meta name=\"twitter:data1\" content=\"CEOE Cantabria\" \/>\n\t<meta name=\"twitter:label2\" content=\"Tiempo de lectura\" \/>\n\t<meta name=\"twitter:data2\" content=\"4 minutos\" \/>\n<script type=\"application\/ld+json\" class=\"yoast-schema-graph\">{\"@context\":\"https:\\\/\\\/schema.org\",\"@graph\":[{\"@type\":\"Article\",\"@id\":\"https:\\\/\\\/c-meet.es\\\/2022\\\/c-meet-imicio-innovacion-digitalizacion\\\/#article\",\"isPartOf\":{\"@id\":\"https:\\\/\\\/c-meet.es\\\/2022\\\/c-meet-imicio-innovacion-digitalizacion\\\/\"},\"author\":{\"name\":\"CEOE Cantabria\",\"@id\":\"https:\\\/\\\/c-meet.es\\\/2022\\\/#\\\/schema\\\/person\\\/a0bcaf89172227ceb75d12c7c4cbad0d\"},\"headline\":\"Arranca C-Meet\",\"datePublished\":\"2022-09-28T06:51:23+00:00\",\"dateModified\":\"2022-09-28T06:53:11+00:00\",\"mainEntityOfPage\":{\"@id\":\"https:\\\/\\\/c-meet.es\\\/2022\\\/c-meet-imicio-innovacion-digitalizacion\\\/\"},\"wordCount\":694,\"image\":{\"@id\":\"https:\\\/\\\/c-meet.es\\\/2022\\\/c-meet-imicio-innovacion-digitalizacion\\\/#primaryimage\"},\"thumbnailUrl\":\"https:\\\/\\\/c-meet.es\\\/2022\\\/wp-content\\\/uploads\\\/2022\\\/09\\\/Miniaturas-noticia-600-\u00d7-600-px-1-1.png\",\"articleSection\":[\"digitalizaci\u00f3n\",\"innovacion\",\"networking\",\"News\"],\"inLanguage\":\"es\"},{\"@type\":\"WebPage\",\"@id\":\"https:\\\/\\\/c-meet.es\\\/2022\\\/c-meet-imicio-innovacion-digitalizacion\\\/\",\"url\":\"https:\\\/\\\/c-meet.es\\\/2022\\\/c-meet-imicio-innovacion-digitalizacion\\\/\",\"name\":\"Arranca C-Meet - C-MEET\",\"isPartOf\":{\"@id\":\"https:\\\/\\\/c-meet.es\\\/2022\\\/#website\"},\"primaryImageOfPage\":{\"@id\":\"https:\\\/\\\/c-meet.es\\\/2022\\\/c-meet-imicio-innovacion-digitalizacion\\\/#primaryimage\"},\"image\":{\"@id\":\"https:\\\/\\\/c-meet.es\\\/2022\\\/c-meet-imicio-innovacion-digitalizacion\\\/#primaryimage\"},\"thumbnailUrl\":\"https:\\\/\\\/c-meet.es\\\/2022\\\/wp-content\\\/uploads\\\/2022\\\/09\\\/Miniaturas-noticia-600-\u00d7-600-px-1-1.png\",\"datePublished\":\"2022-09-28T06:51:23+00:00\",\"dateModified\":\"2022-09-28T06:53:11+00:00\",\"author\":{\"@id\":\"https:\\\/\\\/c-meet.es\\\/2022\\\/#\\\/schema\\\/person\\\/a0bcaf89172227ceb75d12c7c4cbad0d\"},\"description\":\"C-Meet abre sus puertas con m\u00e1s de 375 profesionales inscritos y un nutrido panel de expertos en innovaci\u00f3n y digitalizaci\u00f3n.\",\"breadcrumb\":{\"@id\":\"https:\\\/\\\/c-meet.es\\\/2022\\\/c-meet-imicio-innovacion-digitalizacion\\\/#breadcrumb\"},\"inLanguage\":\"es\",\"potentialAction\":[{\"@type\":\"ReadAction\",\"target\":[\"https:\\\/\\\/c-meet.es\\\/2022\\\/c-meet-imicio-innovacion-digitalizacion\\\/\"]}]},{\"@type\":\"BreadcrumbList\",\"@id\":\"https:\\\/\\\/c-meet.es\\\/2022\\\/c-meet-imicio-innovacion-digitalizacion\\\/#breadcrumb\",\"itemListElement\":[{\"@type\":\"ListItem\",\"position\":1,\"name\":\"Portada\",\"item\":\"https:\\\/\\\/c-meet.es\\\/2022\\\/\"},{\"@type\":\"ListItem\",\"position\":2,\"name\":\"Arranca C-Meet\"}]},{\"@type\":\"WebSite\",\"@id\":\"https:\\\/\\\/c-meet.es\\\/2022\\\/#website\",\"url\":\"https:\\\/\\\/c-meet.es\\\/2022\\\/\",\"name\":\"C-MEET\",\"description\":\"Encuentro empresarial para la innovaci\u00f3n y digitalizaci\u00f3n\",\"potentialAction\":[{\"@type\":\"SearchAction\",\"target\":{\"@type\":\"EntryPoint\",\"urlTemplate\":\"https:\\\/\\\/c-meet.es\\\/2022\\\/?s={search_term_string}\"},\"query-input\":{\"@type\":\"PropertyValueSpecification\",\"valueRequired\":true,\"valueName\":\"search_term_string\"}}],\"inLanguage\":\"es\"},{\"@type\":\"Person\",\"@id\":\"https:\\\/\\\/c-meet.es\\\/2022\\\/#\\\/schema\\\/person\\\/a0bcaf89172227ceb75d12c7c4cbad0d\",\"name\":\"CEOE Cantabria\",\"image\":{\"@type\":\"ImageObject\",\"inLanguage\":\"es\",\"@id\":\"https:\\\/\\\/secure.gravatar.com\\\/avatar\\\/8b80140548094eb214870461b3248fd35255d4542f91346b70b220d7abc346b5?s=96&d=mm&r=g\",\"url\":\"https:\\\/\\\/secure.gravatar.com\\\/avatar\\\/8b80140548094eb214870461b3248fd35255d4542f91346b70b220d7abc346b5?s=96&d=mm&r=g\",\"contentUrl\":\"https:\\\/\\\/secure.gravatar.com\\\/avatar\\\/8b80140548094eb214870461b3248fd35255d4542f91346b70b220d7abc346b5?s=96&d=mm&r=g\",\"caption\":\"CEOE Cantabria\"},\"url\":\"https:\\\/\\\/c-meet.es\\\/2022\\\/author\\\/ceoecant\\\/\"}]}<\/script>\n<!-- \/ Yoast SEO plugin. -->","yoast_head_json":{"title":"Arranca C-Meet - C-MEET","description":"C-Meet abre sus puertas con m\u00e1s de 375 profesionales inscritos y un nutrido panel de expertos en innovaci\u00f3n y digitalizaci\u00f3n.","robots":{"index":"index","follow":"follow","max-snippet":"max-snippet:-1","max-image-preview":"max-image-preview:large","max-video-preview":"max-video-preview:-1"},"canonical":"https:\/\/c-meet.es\/2022\/c-meet-imicio-innovacion-digitalizacion\/","og_locale":"es_ES","og_type":"article","og_title":"Arranca C-Meet - C-MEET","og_description":"C-Meet abre sus puertas con m\u00e1s de 375 profesionales inscritos y un nutrido panel de expertos en innovaci\u00f3n y digitalizaci\u00f3n.","og_url":"https:\/\/c-meet.es\/2022\/c-meet-imicio-innovacion-digitalizacion\/","og_site_name":"C-MEET","article_published_time":"2022-09-28T06:51:23+00:00","article_modified_time":"2022-09-28T06:53:11+00:00","og_image":[{"width":600,"height":600,"url":"https:\/\/c-meet.es\/2022\/wp-content\/uploads\/2022\/09\/Miniaturas-noticia-600-\u00d7-600-px-1-1.png","type":"image\/png"}],"author":"CEOE Cantabria","twitter_card":"summary_large_image","twitter_misc":{"Escrito por":"CEOE Cantabria","Tiempo de lectura":"4 minutos"},"schema":{"@context":"https:\/\/schema.org","@graph":[{"@type":"Article","@id":"https:\/\/c-meet.es\/2022\/c-meet-imicio-innovacion-digitalizacion\/#article","isPartOf":{"@id":"https:\/\/c-meet.es\/2022\/c-meet-imicio-innovacion-digitalizacion\/"},"author":{"name":"CEOE Cantabria","@id":"https:\/\/c-meet.es\/2022\/#\/schema\/person\/a0bcaf89172227ceb75d12c7c4cbad0d"},"headline":"Arranca C-Meet","datePublished":"2022-09-28T06:51:23+00:00","dateModified":"2022-09-28T06:53:11+00:00","mainEntityOfPage":{"@id":"https:\/\/c-meet.es\/2022\/c-meet-imicio-innovacion-digitalizacion\/"},"wordCount":694,"image":{"@id":"https:\/\/c-meet.es\/2022\/c-meet-imicio-innovacion-digitalizacion\/#primaryimage"},"thumbnailUrl":"https:\/\/c-meet.es\/2022\/wp-content\/uploads\/2022\/09\/Miniaturas-noticia-600-\u00d7-600-px-1-1.png","articleSection":["digitalizaci\u00f3n","innovacion","networking","News"],"inLanguage":"es"},{"@type":"WebPage","@id":"https:\/\/c-meet.es\/2022\/c-meet-imicio-innovacion-digitalizacion\/","url":"https:\/\/c-meet.es\/2022\/c-meet-imicio-innovacion-digitalizacion\/","name":"Arranca C-Meet - C-MEET","isPartOf":{"@id":"https:\/\/c-meet.es\/2022\/#website"},"primaryImageOfPage":{"@id":"https:\/\/c-meet.es\/2022\/c-meet-imicio-innovacion-digitalizacion\/#primaryimage"},"image":{"@id":"https:\/\/c-meet.es\/2022\/c-meet-imicio-innovacion-digitalizacion\/#primaryimage"},"thumbnailUrl":"https:\/\/c-meet.es\/2022\/wp-content\/uploads\/2022\/09\/Miniaturas-noticia-600-\u00d7-600-px-1-1.png","datePublished":"2022-09-28T06:51:23+00:00","dateModified":"2022-09-28T06:53:11+00:00","author":{"@id":"https:\/\/c-meet.es\/2022\/#\/schema\/person\/a0bcaf89172227ceb75d12c7c4cbad0d"},"description":"C-Meet abre sus puertas con m\u00e1s de 375 profesionales inscritos y un nutrido panel de expertos en innovaci\u00f3n y digitalizaci\u00f3n.","breadcrumb":{"@id":"https:\/\/c-meet.es\/2022\/c-meet-imicio-innovacion-digitalizacion\/#breadcrumb"},"inLanguage":"es","potentialAction":[{"@type":"ReadAction","target":["https:\/\/c-meet.es\/2022\/c-meet-imicio-innovacion-digitalizacion\/"]}]},{"@type":"BreadcrumbList","@id":"https:\/\/c-meet.es\/2022\/c-meet-imicio-innovacion-digitalizacion\/#breadcrumb","itemListElement":[{"@type":"ListItem","position":1,"name":"Portada","item":"https:\/\/c-meet.es\/2022\/"},{"@type":"ListItem","position":2,"name":"Arranca C-Meet"}]},{"@type":"WebSite","@id":"https:\/\/c-meet.es\/2022\/#website","url":"https:\/\/c-meet.es\/2022\/","name":"C-MEET","description":"Encuentro empresarial para la innovaci\u00f3n y digitalizaci\u00f3n","potentialAction":[{"@type":"SearchAction","target":{"@type":"EntryPoint","urlTemplate":"https:\/\/c-meet.es\/2022\/?s={search_term_string}"},"query-input":{"@type":"PropertyValueSpecification","valueRequired":true,"valueName":"search_term_string"}}],"inLanguage":"es"},{"@type":"Person","@id":"https:\/\/c-meet.es\/2022\/#\/schema\/person\/a0bcaf89172227ceb75d12c7c4cbad0d","name":"CEOE Cantabria","image":{"@type":"ImageObject","inLanguage":"es","@id":"https:\/\/secure.gravatar.com\/avatar\/8b80140548094eb214870461b3248fd35255d4542f91346b70b220d7abc346b5?s=96&d=mm&r=g","url":"https:\/\/secure.gravatar.com\/avatar\/8b80140548094eb214870461b3248fd35255d4542f91346b70b220d7abc346b5?s=96&d=mm&r=g","contentUrl":"https:\/\/secure.gravatar.com\/avatar\/8b80140548094eb214870461b3248fd35255d4542f91346b70b220d7abc346b5?s=96&d=mm&r=g","caption":"CEOE Cantabria"},"url":"https:\/\/c-meet.es\/2022\/author\/ceoecant\/"}]}},"_links":{"self":[{"href":"https:\/\/c-meet.es\/2022\/wp-json\/wp\/v2\/posts\/250030","targetHints":{"allow":["GET"]}}],"collection":[{"href":"https:\/\/c-meet.es\/2022\/wp-json\/wp\/v2\/posts"}],"about":[{"href":"https:\/\/c-meet.es\/2022\/wp-json\/wp\/v2\/types\/post"}],"author":[{"embeddable":true,"href":"https:\/\/c-meet.es\/2022\/wp-json\/wp\/v2\/users\/7"}],"replies":[{"embeddable":true,"href":"https:\/\/c-meet.es\/2022\/wp-json\/wp\/v2\/comments?post=250030"}],"version-history":[{"count":6,"href":"https:\/\/c-meet.es\/2022\/wp-json\/wp\/v2\/posts\/250030\/revisions"}],"predecessor-version":[{"id":250039,"href":"https:\/\/c-meet.es\/2022\/wp-json\/wp\/v2\/posts\/250030\/revisions\/250039"}],"wp:featuredmedia":[{"embeddable":true,"href":"https:\/\/c-meet.es\/2022\/wp-json\/wp\/v2\/media\/250031"}],"wp:attachment":[{"href":"https:\/\/c-meet.es\/2022\/wp-json\/wp\/v2\/media?parent=250030"}],"wp:term":[{"taxonomy":"category","embeddable":true,"href":"https:\/\/c-meet.es\/2022\/wp-json\/wp\/v2\/categories?post=250030"},{"taxonomy":"post_tag","embeddable":true,"href":"https:\/\/c-meet.es\/2022\/wp-json\/wp\/v2\/tags?post=250030"}],"curies":[{"name":"wp","href":"https:\/\/api.w.org\/{rel}","templated":true}]}}