{"id":249919,"date":"2022-09-23T12:25:40","date_gmt":"2022-09-23T11:25:40","guid":{"rendered":"https:\/\/c-meet.es\/2022\/?p=249919"},"modified":"2022-09-23T12:30:48","modified_gmt":"2022-09-23T11:30:48","slug":"c-meet-innovacion-digitalizacion-santander","status":"publish","type":"post","link":"https:\/\/c-meet.es\/2022\/c-meet-innovacion-digitalizacion-santander\/","title":{"rendered":"C-Meet congregar\u00e1 a m\u00e1s de 250 profesionales en Escenario Santander"},"content":{"rendered":"<p style=\"text-align: justify;\"><strong>C-Meet,<\/strong> el encuentro empresarial para la digitalizaci\u00f3n y la innovaci\u00f3n que tendr\u00e1 lugar los d\u00edas 28 y 29 de septiembre en <a href=\"https:\/\/escenariosantander.es\/\">Escenario Santander<\/a>, est\u00e1 generando una enorme expectaci\u00f3n dentro del sector productivo. Actualmente, m\u00e1s de 250 profesionales de diferentes lugares del pa\u00eds ya han reservado su plaza para participar en este evento que impulsa <a href=\"https:\/\/ceoecantabria.es\/\">CEOE-CEPYME Cantabria<\/a>, en colaboraci\u00f3n la<a href=\"https:\/\/oap.ceoecantabria.es\/\"> Oficina Acelera Pyme<\/a> y el programa <strong>Cantabria Empresarial.<\/strong><!--more--><\/p>\n<p style=\"text-align: justify;\">El mi\u00e9rcoles que viene, a las 10:30 horas, <a href=\"https:\/\/www.linkedin.com\/in\/frodriguezferrer?miniProfileUrn=urn%3Ali%3Afs_miniProfile%3AACoAAAOhLzYBEBAYEMN0WylFhDPL60wyP7We1z8&amp;lipi=urn%3Ali%3Apage%3Ad_flagship3_search_srp_all%3BTjjmSqQqTsetE4SE6AOX%2Fg%3D%3D\">Fernando Rodr\u00edguez<\/a>, director de Desarrollo de Negocio de <a href=\"https:\/\/bizum.es\/\">Bizum<\/a>, ser\u00e1 el ponente inaugural de una iniciativa novedosa y diferente, cuyo prop\u00f3sito es fomentar el encuentro entre profesionales que hablan el mismo idioma: el de la digitalizaci\u00f3n y la innovaci\u00f3n. El evento se organiza alrededor de un espacio en el que se pueden conocer <strong>soluciones tecnol\u00f3gicas reales<\/strong>, <strong>experiencias inspiradoras y casos de \u00e9xito<\/strong> dirigidos a incrementar la competitividad del tejido empresarial.<\/p>\n<h3 style=\"text-align: justify;\">Networking presencial y online<\/h3>\n<p style=\"text-align: justify;\"><strong><img decoding=\"async\" class=\"mg10 alignright wp-image-249658 size-medium\" src=\"https:\/\/c-meet.es\/2022\/wp-content\/uploads\/2022\/09\/configuracion-espacial-300x188.jpg\" alt=\"\" width=\"300\" height=\"188\" \/>C-Meet<\/strong> aspira a convertirse en una potente <a href=\"https:\/\/c-meet.es\/2022\/networking\/\">plataforma de networking<\/a>, en la que sea posible mantener reuniones tanto de forma presencial como de manera virtual. La propia configuraci\u00f3n del espacio, la presencia de 30 empresas de la regi\u00f3n, un <a href=\"https:\/\/c-meet.es\/2022\/participantes\">panel de 50 ponentes expertos<\/a> en digitalizaci\u00f3n e innovaci\u00f3n y los m\u00e1s de 250 inscritos conforman una ecuaci\u00f3n id\u00f3nea para facilitar los encuentros en persona.<\/p>\n<p style=\"text-align: justify;\">Del mismo modo, m\u00e1s de <strong>40 organizaciones<\/strong> se han inscrito para participar en la <a href=\"https:\/\/networking.c-meet.es\/es\">feria paralela de networking online<\/a>, que se desarrollar\u00e1 desde el 26 hasta el 30 de septiembre.<\/p>\n<p style=\"text-align: justify;\">Para <a href=\"https:\/\/es.linkedin.com\/in\/enrique-conde-tolosa-6a923a103\">Enrique Conde<\/a>, presidente de CEOE CEPYME Cantabria <em>\u201ceste encuentro va a ser un elemento aglutinador del talento y las capacidades del tejido productivo c\u00e1ntabro en digitalizaci\u00f3n e innovaci\u00f3n, dos \u00e1reas b\u00e1sicas para garantizar la competitividad y la sostenibilidad empresarial ahora y en el futuro\u201d.<\/em><br \/>\nConde ha se\u00f1alado que <em>\u201ccon la organizaci\u00f3n de C-MEET hemos querido ir un paso m\u00e1s all\u00e1 para dar visibilidad y capacidad de conexi\u00f3n a todo este conjunto de iniciativas, proyectos y empresas del mundo de la digitalizaci\u00f3n y la innovaci\u00f3n que ya es puntero en nuestra comunidad. Es un evento que yo, como empresario, no me lo voy a perder\u201d.<\/em><\/p>\n<p style=\"text-align: justify;\">C-Meet contempla transformar Escenario Santander en un recinto abierto y flexible. Los espacios fundamentales ser\u00e1n dos c\u00f3rners expositivos, un escenario principal y una amplia zona para facilitar el networking. <a href=\"https:\/\/c-meet.es\/2022\/programa\">La programaci\u00f3n<\/a> se estructura en torno a <strong>cuatro formatos de intervenci\u00f3n cortos<\/strong>, \u00e1giles y participativos: demos t\u00e9cnicas por parte de las empresas expositoras; intervenciones de los expertos invitados; ponencias y mesas redondas.<\/p>\n<h3 style=\"text-align: justify;\">Una agenda para el aprendizaje y el networking<\/h3>\n<p style=\"text-align: justify;\">La innovaci\u00f3n y la transformaci\u00f3n digital ser\u00e1n los dos pilares de C-MEET. Para la directora general de CEOE CEPYME,<a href=\"https:\/\/es.linkedin.com\/in\/isabel-cuesta-rodr%C3%ADguez-2828b313\"> Isabel Cuesta<\/a> <em>\u201cel programa se ha dise\u00f1ado para poder profundizar en asuntos como Industria 4.0, transformaci\u00f3n digital, Big Data, transferencia tecnol\u00f3gica industrial cloud computing, fabricaci\u00f3n aditiva, realidad virtual, Inteligencia Artificial, E-Commerce, rob\u00f3tica o gemelos digitales\u201d.<\/em><\/p>\n<p style=\"text-align: justify;\">Cuesta ha se\u00f1alado que \u201c<em>se trata de un evento que contempla 14 horas de exposiciones, charlas y encuentros con alrededor de 50 l\u00edderes de reconocido prestigio nacional e internacional. Nos acompa\u00f1ar\u00e1n ponentes de la talla de Fernando Rodr\u00edguez, director de Desarrollo de Negocio en Bizum; <a href=\"https:\/\/nl.linkedin.com\/in\/jrcoz\">Jos\u00e9 Ram\u00f3n Coz<\/a>, de la <a href=\"https:\/\/www.esa.int\/Space_in_Member_States\/Spain\">Agencia Espacial Europea<\/a>, Arantxa Bals\u00f3n, CEO de In4Impact; <a href=\"https:\/\/es.linkedin.com\/in\/lupinaiturriaga\">Lupina Iturriaga<\/a>, fundadora de <a href=\"https:\/\/www.fintonic.com\/es-ES\/inicio\/\">Fintonic<\/a>, <a href=\"https:\/\/es.linkedin.com\/in\/clarabauza\/en\">Clara Elliot-Bauz\u00e1<\/a>, directora de Performance de <a href=\"https:\/\/www.tiktok.com\/es\/\">TikTok<\/a>, o <a href=\"https:\/\/www.linkedin.com\/today\/author\/noeliafernandez\">Noelia Fern\u00e1ndez<\/a>, directora general de Grandes Cuentas para el norte de Europa en <a href=\"https:\/\/about.google\/intl\/es-419\/\">Google<\/a>, que constituyen la punta de lanza de un panel de expertos en el que aparecen empresas como <a href=\"http:\/\/www.astimobilerobotics.com\/\">Asti<\/a>, <a href=\"https:\/\/central-optica.com\/\">Central \u00d3ptica<\/a> o <a href=\"https:\/\/www.bsh-group.com\/es\/\">BSH<\/a>, y organizaciones como la <a href=\"https:\/\/www.aer-automation.com\/\">Asociaci\u00f3n Espa\u00f1ola de Rob\u00f3tica<\/a><\/em>\u201d.<\/p>\n<p style=\"text-align: justify;\">Dentro de la agenda del encuentro, Cuesta ha se\u00f1alado que \u201cse van a desarrollar m\u00e1s de una veintena de demostraciones t\u00e9cnicas y de casos de \u00e9xito reales dise\u00f1ados y ejecutados por talento <em>made in<\/em> Cantabria. Empresas tan diferentes como <a href=\"https:\/\/es.linkedin.com\/company\/maflow-3d\">Maflow 3D<\/a>, <a href=\"https:\/\/pitma.es\/\">Grupo Pitma<\/a>, <a href=\"https:\/\/www.astander.es\/es\/\">Astander,<\/a> <a href=\"https:\/\/www.lisdatasolutions.com\/es\/\">LIS Data Solutions<\/a>, <a href=\"https:\/\/www.incentro.com\/es-es\">Incentro<\/a> o <a href=\"https:\/\/textilsantanderina.com\/\">Textil Santanderina<\/a> expondr\u00e1n algunos de sus hitos m\u00e1s recientes\u201d.<\/p>\n<p style=\"text-align: justify;\">Adem\u00e1s de la agenda y los espacios profesionales del encuentro, se habilitar\u00e1n diferentes sesiones de afterwork para cerrar cada jornada. La asistencia es libre y el \u00fanico requisito que se solicita desde la organizaci\u00f3n es<a href=\"https:\/\/c-meet.es\/2022\/registro\/\"> inscribirse a trav\u00e9s de la p\u00e1gina web.<\/a><\/p>\n<p><iframe title=\"YouTube video player\" src=\"https:\/\/www.youtube.com\/embed\/lfyPm2mEJ1s\" width=\"560\" height=\"315\" frameborder=\"0\" allowfullscreen=\"allowfullscreen\"><span data-mce-type=\"bookmark\" style=\"display: inline-block; width: 0px; overflow: hidden; line-height: 0;\" class=\"mce_SELRES_start\">\ufeff<\/span><\/iframe><\/p>\n<p>&nbsp;<\/p>\n","protected":false},"excerpt":{"rendered":"<p>C-Meet, el encuentro empresarial para la digitalizaci\u00f3n y la innovaci\u00f3n que tendr\u00e1 lugar los d\u00edas 28 y 29 de septiembre en Escenario Santander, est\u00e1 generando una enorme expectaci\u00f3n dentro del sector productivo. Actualmente, m\u00e1s de 250 profesionales de diferentes lugares del pa\u00eds ya han reservado su plaza para participar en este evento que impulsa CEOE-CEPYME [&hellip;]<\/p>\n","protected":false},"author":8,"featured_media":249934,"comment_status":"closed","ping_status":"closed","sticky":false,"template":"","format":"standard","meta":{"_et_pb_use_builder":"","_et_pb_old_content":"","_et_gb_content_width":"","cybocfi_hide_featured_image":"yes","footnotes":""},"categories":[18,19,20,8],"tags":[],"class_list":["post-249919","post","type-post","status-publish","format-standard","has-post-thumbnail","hentry","category-digitalizacion","category-innovacion","category-networking","category-news"],"acf":[],"yoast_head":"<!-- This site is optimized with the Yoast SEO plugin v27.5 - https:\/\/yoast.com\/product\/yoast-seo-wordpress\/ -->\n<title>C-Meet congregar\u00e1 m\u00e1s de 250 profesionales en Santander<\/title>\n<meta name=\"description\" content=\"C-Meet, el encuentro empresarial sobre innovaci\u00f3n y digitalizaci\u00f3n, arranca el mi\u00e9rcoles que viene con m\u00e1s de 250 profesionales inscritos.\" \/>\n<meta name=\"robots\" content=\"index, follow, max-snippet:-1, max-image-preview:large, max-video-preview:-1\" \/>\n<link rel=\"canonical\" href=\"https:\/\/c-meet.es\/2022\/c-meet-innovacion-digitalizacion-santander\/\" \/>\n<meta property=\"og:locale\" content=\"es_ES\" \/>\n<meta property=\"og:type\" content=\"article\" \/>\n<meta property=\"og:title\" content=\"C-Meet congregar\u00e1 m\u00e1s de 250 profesionales en Santander\" \/>\n<meta property=\"og:description\" content=\"C-Meet, el encuentro empresarial sobre innovaci\u00f3n y digitalizaci\u00f3n, arranca el mi\u00e9rcoles que viene con m\u00e1s de 250 profesionales inscritos.\" \/>\n<meta property=\"og:url\" content=\"https:\/\/c-meet.es\/2022\/c-meet-innovacion-digitalizacion-santander\/\" \/>\n<meta property=\"og:site_name\" content=\"C-MEET\" \/>\n<meta property=\"article:published_time\" content=\"2022-09-23T11:25:40+00:00\" \/>\n<meta property=\"article:modified_time\" content=\"2022-09-23T11:30:48+00:00\" \/>\n<meta property=\"og:image\" content=\"https:\/\/c-meet.es\/2022\/wp-content\/uploads\/2022\/09\/Miniaturas-noticia-600-\u00d7-600-px-2.png\" \/>\n\t<meta property=\"og:image:width\" content=\"600\" \/>\n\t<meta property=\"og:image:height\" content=\"600\" \/>\n\t<meta property=\"og:image:type\" content=\"image\/png\" \/>\n<meta name=\"author\" content=\"Juan Herrer\u00eda\" \/>\n<meta name=\"twitter:card\" content=\"summary_large_image\" \/>\n<meta name=\"twitter:label1\" content=\"Escrito por\" \/>\n\t<meta name=\"twitter:data1\" content=\"Juan Herrer\u00eda\" \/>\n\t<meta name=\"twitter:label2\" content=\"Tiempo de lectura\" \/>\n\t<meta name=\"twitter:data2\" content=\"4 minutos\" \/>\n<script type=\"application\/ld+json\" class=\"yoast-schema-graph\">{\"@context\":\"https:\\\/\\\/schema.org\",\"@graph\":[{\"@type\":\"Article\",\"@id\":\"https:\\\/\\\/c-meet.es\\\/2022\\\/c-meet-innovacion-digitalizacion-santander\\\/#article\",\"isPartOf\":{\"@id\":\"https:\\\/\\\/c-meet.es\\\/2022\\\/c-meet-innovacion-digitalizacion-santander\\\/\"},\"author\":{\"name\":\"Juan Herrer\u00eda\",\"@id\":\"https:\\\/\\\/c-meet.es\\\/2022\\\/#\\\/schema\\\/person\\\/dfe1ac663316dd1574c805e9cb5bbc1e\"},\"headline\":\"C-Meet congregar\u00e1 a m\u00e1s de 250 profesionales en Escenario Santander\",\"datePublished\":\"2022-09-23T11:25:40+00:00\",\"dateModified\":\"2022-09-23T11:30:48+00:00\",\"mainEntityOfPage\":{\"@id\":\"https:\\\/\\\/c-meet.es\\\/2022\\\/c-meet-innovacion-digitalizacion-santander\\\/\"},\"wordCount\":751,\"image\":{\"@id\":\"https:\\\/\\\/c-meet.es\\\/2022\\\/c-meet-innovacion-digitalizacion-santander\\\/#primaryimage\"},\"thumbnailUrl\":\"https:\\\/\\\/c-meet.es\\\/2022\\\/wp-content\\\/uploads\\\/2022\\\/09\\\/Miniaturas-noticia-600-\u00d7-600-px-2.png\",\"articleSection\":[\"digitalizaci\u00f3n\",\"innovacion\",\"networking\",\"News\"],\"inLanguage\":\"es\"},{\"@type\":\"WebPage\",\"@id\":\"https:\\\/\\\/c-meet.es\\\/2022\\\/c-meet-innovacion-digitalizacion-santander\\\/\",\"url\":\"https:\\\/\\\/c-meet.es\\\/2022\\\/c-meet-innovacion-digitalizacion-santander\\\/\",\"name\":\"C-Meet congregar\u00e1 m\u00e1s de 250 profesionales en Santander\",\"isPartOf\":{\"@id\":\"https:\\\/\\\/c-meet.es\\\/2022\\\/#website\"},\"primaryImageOfPage\":{\"@id\":\"https:\\\/\\\/c-meet.es\\\/2022\\\/c-meet-innovacion-digitalizacion-santander\\\/#primaryimage\"},\"image\":{\"@id\":\"https:\\\/\\\/c-meet.es\\\/2022\\\/c-meet-innovacion-digitalizacion-santander\\\/#primaryimage\"},\"thumbnailUrl\":\"https:\\\/\\\/c-meet.es\\\/2022\\\/wp-content\\\/uploads\\\/2022\\\/09\\\/Miniaturas-noticia-600-\u00d7-600-px-2.png\",\"datePublished\":\"2022-09-23T11:25:40+00:00\",\"dateModified\":\"2022-09-23T11:30:48+00:00\",\"author\":{\"@id\":\"https:\\\/\\\/c-meet.es\\\/2022\\\/#\\\/schema\\\/person\\\/dfe1ac663316dd1574c805e9cb5bbc1e\"},\"description\":\"C-Meet, el encuentro empresarial sobre innovaci\u00f3n y digitalizaci\u00f3n, arranca el mi\u00e9rcoles que viene con m\u00e1s de 250 profesionales inscritos.\",\"breadcrumb\":{\"@id\":\"https:\\\/\\\/c-meet.es\\\/2022\\\/c-meet-innovacion-digitalizacion-santander\\\/#breadcrumb\"},\"inLanguage\":\"es\",\"potentialAction\":[{\"@type\":\"ReadAction\",\"target\":[\"https:\\\/\\\/c-meet.es\\\/2022\\\/c-meet-innovacion-digitalizacion-santander\\\/\"]}]},{\"@type\":\"BreadcrumbList\",\"@id\":\"https:\\\/\\\/c-meet.es\\\/2022\\\/c-meet-innovacion-digitalizacion-santander\\\/#breadcrumb\",\"itemListElement\":[{\"@type\":\"ListItem\",\"position\":1,\"name\":\"Portada\",\"item\":\"https:\\\/\\\/c-meet.es\\\/2022\\\/\"},{\"@type\":\"ListItem\",\"position\":2,\"name\":\"C-Meet congregar\u00e1 a m\u00e1s de 250 profesionales en Escenario Santander\"}]},{\"@type\":\"WebSite\",\"@id\":\"https:\\\/\\\/c-meet.es\\\/2022\\\/#website\",\"url\":\"https:\\\/\\\/c-meet.es\\\/2022\\\/\",\"name\":\"C-MEET\",\"description\":\"Encuentro empresarial para la innovaci\u00f3n y digitalizaci\u00f3n\",\"potentialAction\":[{\"@type\":\"SearchAction\",\"target\":{\"@type\":\"EntryPoint\",\"urlTemplate\":\"https:\\\/\\\/c-meet.es\\\/2022\\\/?s={search_term_string}\"},\"query-input\":{\"@type\":\"PropertyValueSpecification\",\"valueRequired\":true,\"valueName\":\"search_term_string\"}}],\"inLanguage\":\"es\"},{\"@type\":\"Person\",\"@id\":\"https:\\\/\\\/c-meet.es\\\/2022\\\/#\\\/schema\\\/person\\\/dfe1ac663316dd1574c805e9cb5bbc1e\",\"name\":\"Juan Herrer\u00eda\",\"image\":{\"@type\":\"ImageObject\",\"inLanguage\":\"es\",\"@id\":\"https:\\\/\\\/secure.gravatar.com\\\/avatar\\\/95d0f52c0f0e5b7d6336d2ffc1db43906701c30476e564cbf4bff2f66e0b1a1a?s=96&d=mm&r=g\",\"url\":\"https:\\\/\\\/secure.gravatar.com\\\/avatar\\\/95d0f52c0f0e5b7d6336d2ffc1db43906701c30476e564cbf4bff2f66e0b1a1a?s=96&d=mm&r=g\",\"contentUrl\":\"https:\\\/\\\/secure.gravatar.com\\\/avatar\\\/95d0f52c0f0e5b7d6336d2ffc1db43906701c30476e564cbf4bff2f66e0b1a1a?s=96&d=mm&r=g\",\"caption\":\"Juan Herrer\u00eda\"},\"url\":\"https:\\\/\\\/c-meet.es\\\/2022\\\/author\\\/wictoria\\\/\"}]}<\/script>\n<!-- \/ Yoast SEO plugin. -->","yoast_head_json":{"title":"C-Meet congregar\u00e1 m\u00e1s de 250 profesionales en Santander","description":"C-Meet, el encuentro empresarial sobre innovaci\u00f3n y digitalizaci\u00f3n, arranca el mi\u00e9rcoles que viene con m\u00e1s de 250 profesionales inscritos.","robots":{"index":"index","follow":"follow","max-snippet":"max-snippet:-1","max-image-preview":"max-image-preview:large","max-video-preview":"max-video-preview:-1"},"canonical":"https:\/\/c-meet.es\/2022\/c-meet-innovacion-digitalizacion-santander\/","og_locale":"es_ES","og_type":"article","og_title":"C-Meet congregar\u00e1 m\u00e1s de 250 profesionales en Santander","og_description":"C-Meet, el encuentro empresarial sobre innovaci\u00f3n y digitalizaci\u00f3n, arranca el mi\u00e9rcoles que viene con m\u00e1s de 250 profesionales inscritos.","og_url":"https:\/\/c-meet.es\/2022\/c-meet-innovacion-digitalizacion-santander\/","og_site_name":"C-MEET","article_published_time":"2022-09-23T11:25:40+00:00","article_modified_time":"2022-09-23T11:30:48+00:00","og_image":[{"width":600,"height":600,"url":"https:\/\/c-meet.es\/2022\/wp-content\/uploads\/2022\/09\/Miniaturas-noticia-600-\u00d7-600-px-2.png","type":"image\/png"}],"author":"Juan Herrer\u00eda","twitter_card":"summary_large_image","twitter_misc":{"Escrito por":"Juan Herrer\u00eda","Tiempo de lectura":"4 minutos"},"schema":{"@context":"https:\/\/schema.org","@graph":[{"@type":"Article","@id":"https:\/\/c-meet.es\/2022\/c-meet-innovacion-digitalizacion-santander\/#article","isPartOf":{"@id":"https:\/\/c-meet.es\/2022\/c-meet-innovacion-digitalizacion-santander\/"},"author":{"name":"Juan Herrer\u00eda","@id":"https:\/\/c-meet.es\/2022\/#\/schema\/person\/dfe1ac663316dd1574c805e9cb5bbc1e"},"headline":"C-Meet congregar\u00e1 a m\u00e1s de 250 profesionales en Escenario Santander","datePublished":"2022-09-23T11:25:40+00:00","dateModified":"2022-09-23T11:30:48+00:00","mainEntityOfPage":{"@id":"https:\/\/c-meet.es\/2022\/c-meet-innovacion-digitalizacion-santander\/"},"wordCount":751,"image":{"@id":"https:\/\/c-meet.es\/2022\/c-meet-innovacion-digitalizacion-santander\/#primaryimage"},"thumbnailUrl":"https:\/\/c-meet.es\/2022\/wp-content\/uploads\/2022\/09\/Miniaturas-noticia-600-\u00d7-600-px-2.png","articleSection":["digitalizaci\u00f3n","innovacion","networking","News"],"inLanguage":"es"},{"@type":"WebPage","@id":"https:\/\/c-meet.es\/2022\/c-meet-innovacion-digitalizacion-santander\/","url":"https:\/\/c-meet.es\/2022\/c-meet-innovacion-digitalizacion-santander\/","name":"C-Meet congregar\u00e1 m\u00e1s de 250 profesionales en Santander","isPartOf":{"@id":"https:\/\/c-meet.es\/2022\/#website"},"primaryImageOfPage":{"@id":"https:\/\/c-meet.es\/2022\/c-meet-innovacion-digitalizacion-santander\/#primaryimage"},"image":{"@id":"https:\/\/c-meet.es\/2022\/c-meet-innovacion-digitalizacion-santander\/#primaryimage"},"thumbnailUrl":"https:\/\/c-meet.es\/2022\/wp-content\/uploads\/2022\/09\/Miniaturas-noticia-600-\u00d7-600-px-2.png","datePublished":"2022-09-23T11:25:40+00:00","dateModified":"2022-09-23T11:30:48+00:00","author":{"@id":"https:\/\/c-meet.es\/2022\/#\/schema\/person\/dfe1ac663316dd1574c805e9cb5bbc1e"},"description":"C-Meet, el encuentro empresarial sobre innovaci\u00f3n y digitalizaci\u00f3n, arranca el mi\u00e9rcoles que viene con m\u00e1s de 250 profesionales inscritos.","breadcrumb":{"@id":"https:\/\/c-meet.es\/2022\/c-meet-innovacion-digitalizacion-santander\/#breadcrumb"},"inLanguage":"es","potentialAction":[{"@type":"ReadAction","target":["https:\/\/c-meet.es\/2022\/c-meet-innovacion-digitalizacion-santander\/"]}]},{"@type":"BreadcrumbList","@id":"https:\/\/c-meet.es\/2022\/c-meet-innovacion-digitalizacion-santander\/#breadcrumb","itemListElement":[{"@type":"ListItem","position":1,"name":"Portada","item":"https:\/\/c-meet.es\/2022\/"},{"@type":"ListItem","position":2,"name":"C-Meet congregar\u00e1 a m\u00e1s de 250 profesionales en Escenario Santander"}]},{"@type":"WebSite","@id":"https:\/\/c-meet.es\/2022\/#website","url":"https:\/\/c-meet.es\/2022\/","name":"C-MEET","description":"Encuentro empresarial para la innovaci\u00f3n y digitalizaci\u00f3n","potentialAction":[{"@type":"SearchAction","target":{"@type":"EntryPoint","urlTemplate":"https:\/\/c-meet.es\/2022\/?s={search_term_string}"},"query-input":{"@type":"PropertyValueSpecification","valueRequired":true,"valueName":"search_term_string"}}],"inLanguage":"es"},{"@type":"Person","@id":"https:\/\/c-meet.es\/2022\/#\/schema\/person\/dfe1ac663316dd1574c805e9cb5bbc1e","name":"Juan Herrer\u00eda","image":{"@type":"ImageObject","inLanguage":"es","@id":"https:\/\/secure.gravatar.com\/avatar\/95d0f52c0f0e5b7d6336d2ffc1db43906701c30476e564cbf4bff2f66e0b1a1a?s=96&d=mm&r=g","url":"https:\/\/secure.gravatar.com\/avatar\/95d0f52c0f0e5b7d6336d2ffc1db43906701c30476e564cbf4bff2f66e0b1a1a?s=96&d=mm&r=g","contentUrl":"https:\/\/secure.gravatar.com\/avatar\/95d0f52c0f0e5b7d6336d2ffc1db43906701c30476e564cbf4bff2f66e0b1a1a?s=96&d=mm&r=g","caption":"Juan Herrer\u00eda"},"url":"https:\/\/c-meet.es\/2022\/author\/wictoria\/"}]}},"_links":{"self":[{"href":"https:\/\/c-meet.es\/2022\/wp-json\/wp\/v2\/posts\/249919","targetHints":{"allow":["GET"]}}],"collection":[{"href":"https:\/\/c-meet.es\/2022\/wp-json\/wp\/v2\/posts"}],"about":[{"href":"https:\/\/c-meet.es\/2022\/wp-json\/wp\/v2\/types\/post"}],"author":[{"embeddable":true,"href":"https:\/\/c-meet.es\/2022\/wp-json\/wp\/v2\/users\/8"}],"replies":[{"embeddable":true,"href":"https:\/\/c-meet.es\/2022\/wp-json\/wp\/v2\/comments?post=249919"}],"version-history":[{"count":5,"href":"https:\/\/c-meet.es\/2022\/wp-json\/wp\/v2\/posts\/249919\/revisions"}],"predecessor-version":[{"id":249938,"href":"https:\/\/c-meet.es\/2022\/wp-json\/wp\/v2\/posts\/249919\/revisions\/249938"}],"wp:featuredmedia":[{"embeddable":true,"href":"https:\/\/c-meet.es\/2022\/wp-json\/wp\/v2\/media\/249934"}],"wp:attachment":[{"href":"https:\/\/c-meet.es\/2022\/wp-json\/wp\/v2\/media?parent=249919"}],"wp:term":[{"taxonomy":"category","embeddable":true,"href":"https:\/\/c-meet.es\/2022\/wp-json\/wp\/v2\/categories?post=249919"},{"taxonomy":"post_tag","embeddable":true,"href":"https:\/\/c-meet.es\/2022\/wp-json\/wp\/v2\/tags?post=249919"}],"curies":[{"name":"wp","href":"https:\/\/api.w.org\/{rel}","templated":true}]}}